{"id":46891,"date":"2025-11-25T15:59:08","date_gmt":"2025-11-25T14:59:08","guid":{"rendered":"https:\/\/www.studios-caiman.com\/?p=46891"},"modified":"2025-11-26T10:13:17","modified_gmt":"2025-11-26T09:13:17","slug":"sarkozy-prison-libyen-6ans-total","status":"publish","type":"post","link":"https:\/\/www.studios-caiman.com\/index.php\/2025\/11\/25\/sarkozy-prison-libyen-6ans-total\/","title":{"rendered":"\ud83d\udea8 L&rsquo;EX-PR\u00c9SIDENT DERRI\u00c8RE LES BARREAUX ? SARKOZY PEUT-IL VRAIMENT FINIR SA VIE EN PRISON APR\u00c8S LE SCANDALE LIBYEN ?"},"content":{"rendered":"\n<p><strong>(Attention : Lisez ce que personne n&rsquo;ose dire sur le risque de prison pour Sarkozy !)<\/strong><br><br>Oubliez les six petits mois avec bracelet de Bygmalion. <strong>Cependant,<\/strong> l&rsquo;affaire la plus sombre, la plus explosive, est celle des millions de Kadhafi. <strong>Voici pourquoi<\/strong> <strong>Nicolas Sarkozy a d\u00e9j\u00e0 mis un pied en prison<\/strong> et peut y retourner :<\/p>\n\n\n\n<p><strong>OCTOBRE 2025 : L&rsquo;IMPOSSIBLE SE PRODUIT !<\/strong> Le Tribunal, gr\u00e2ce \u00e0 un <strong>mandat de d\u00e9p\u00f4t diff\u00e9r\u00e9<\/strong> in\u00e9dit, <strong>envoie<\/strong> le Pr\u00e9sident <strong>directement \u00e0 la Sant\u00e9<\/strong>, malgr\u00e9 son appel. <strong>De plus,<\/strong> c&rsquo;est historique. C&rsquo;est la honte. C&rsquo;est la preuve que les juges n&rsquo;ont plus peur de rien !<\/p>\n\n\n\n<p><strong>SEPTEMBRE 2025 : LA CHUTE !<\/strong> Le verdict de premi\u00e8re instance <strong>tombe<\/strong> : <strong>CINQ ANS de prison ferme<\/strong> pour \u00ab\u00a0association de malfaiteurs\u00a0\u00bb ! Cinq ans !<\/p>\n\n\n\n<h3 class=\"wp-block-heading\">\ud83d\udca5 LE MONTAGE US CHOC : <strong>Sarkozy<\/strong> TOTALISE <strong>6 ANS et 6 MOIS FERME<\/strong> !<\/h3>\n\n\n\n<p>Si l&rsquo;on additionne les condamnations prononc\u00e9es dans les affaires des \u00e9coutes, Bygmalion, et surtout le <strong>financement libyen<\/strong>, l&rsquo;addition est <strong>ph\u00e9nom\u00e9nale<\/strong> ! Les juges veulent envoyer <strong>Sarkozy en prison<\/strong> pour plus de six ans !<\/p>\n\n\n\n<figure class=\"wp-block-table\"><table class=\"has-fixed-layout\"><thead><tr><td><strong>Affaire<\/strong><\/td><td><strong>Condamnation P\u00e9nale (Ferme)<\/strong><\/td><\/tr><\/thead><tbody><tr><td><strong><a href=\"https:\/\/youtu.be\/oGqglXh4sfI?si=mBfJQomDz-QH8Goz\">Financement Libyen (1\u00e8re instance)<\/a><\/strong><\/td><td><strong>5 ans ferme<\/strong> (l&rsquo;affaire qui peut renvoyer <strong>Sarkozy en prison<\/strong> imm\u00e9diatement)<\/td><\/tr><tr><td><strong><a href=\"https:\/\/youtu.be\/3Iattn52_xU?si=uAnvt_5IFWXh8I0Y\">Affaire des \u00c9coutes (Appel)<\/a><\/strong><\/td><td><strong>1 an ferme<\/strong> (am\u00e9nageable)<\/td><\/tr><tr><td><strong><a href=\"https:\/\/www.youtube.com\/shorts\/ER6Kmk9ofME\">Affaire Bygmalion (Appel)<\/a><\/strong><\/td><td><strong>6 mois ferme<\/strong> (am\u00e9nageable)<\/td><\/tr><tr><td><strong>TOTAL DES PEINES FERMES (Cumul Hypot\u00e9thique)<\/strong><\/td><td><strong>6 ans et 6 mois de prison ferme !<\/strong><\/td><\/tr><\/tbody><\/table><\/figure>\n\n\n\n<hr class=\"wp-block-separator has-alpha-channel-opacity\"\/>\n\n\n\n<h3 class=\"wp-block-heading\">\ud83d\udca5 LA BOMBE \u00c0 RETARDEMENT (Texte d&rsquo;introduction de la vid\u00e9o)<\/h3>\n\n\n\n<blockquote class=\"wp-block-quote is-layout-flow wp-block-quote-is-layout-flow\">\n<p><strong>\ud83d\udca3 LA CLAQUE QUI D\u00c9CHIRE : LA VID\u00c9O QUI RAM\u00c8NE SARKOZY EN PRISON !<\/strong><\/p>\n\n\n\n<h3 class=\"wp-block-heading\">\ud83d\uded1 LE COUP DE GR\u00c2CE : IL EST VICTIME DE SA PROPRE LOI !<\/h3>\n\n\n\n<p><strong>L&rsquo;ironie est cruelle :<\/strong> L&rsquo;ancien Pr\u00e9sident, qui doit aujourd&rsquo;hui cumuler <strong>6 ans et 6 mois de prison ferme<\/strong>, avait une position sans appel sur l&rsquo;am\u00e9nagement des peines.<\/p>\n\n\n\n<p>Voici ce qu&rsquo;il exigeait lui-m\u00eame, en parlant de la politique p\u00e9nale, dans une vid\u00e9o d\u00e9sormais virale :<\/p>\n\n\n\n<p><strong>\u00ab &#8230;toute peine sup\u00e9rieure \u00e0 6 mois sera int\u00e9gralement ex\u00e9cut\u00e9. Voil\u00e0 la politique p\u00e9nale que nous proposons. \u00bb<\/strong><\/p>\n\n\n\n<p>L&rsquo;addition est simple :<\/p>\n\n\n\n<ul class=\"wp-block-list\">\n<li><strong>Sa r\u00e8gle :<\/strong> Peine > 6 mois = Ex\u00e9cution int\u00e9grale (pas de bracelet).<\/li>\n\n\n\n<li><strong>Sa situation :<\/strong> Condamnation Libyenne = <strong>5 ans ferme<\/strong>.<\/li>\n<\/ul>\n\n\n\n<p><strong>CLIQUEZ POUR VOIR LE MOMENT O\u00d9 IL SIGNE SON PROPRE ARR\u00caT DE MORT JUDICIAIRE :<\/strong><\/p>\n<\/blockquote>\n\n\n\n<blockquote class=\"wp-block-quote is-layout-flow wp-block-quote-is-layout-flow\">\n<figure class=\"wp-block-embed is-type-video is-provider-youtube wp-block-embed-youtube wp-embed-aspect-16-9 wp-has-aspect-ratio\"><div class=\"wp-block-embed__wrapper\">\n<iframe loading=\"lazy\" title=\"Nicolas Sarkozy : &quot;pas d&#039;am\u00e9nagements de peines pour les peines sup\u00e9rieures \u00e0 6 mois&quot;\" width=\"1080\" height=\"608\" src=\"https:\/\/www.youtube.com\/embed\/ny6ZJYtqirc?feature=oembed\"  allow=\"accelerometer; autoplay; clipboard-write; encrypted-media; gyroscope; picture-in-picture; web-share\" referrerpolicy=\"strict-origin-when-cross-origin\" allowfullscreen><\/iframe>\n<\/div><\/figure>\n\n\n\n<p><br>\u26a0\ufe0f <strong>Pr\u00e9cision cruciale :<\/strong> Seule l&rsquo;affaire du <strong>financement Libyen<\/strong> (5 ans ferme) repr\u00e9sente le risque d&rsquo;incarc\u00e9ration imm\u00e9diate pour <strong>Sarkozy<\/strong>. Les autres peines sont am\u00e9nageables (bracelet \u00e9lectronique).<br><\/p>\n\n\n\n<p>Cette escalade judiciaire, avec un total de <strong>6 ans et 6 mois de prison ferme<\/strong> cumul\u00e9s, soul\u00e8ve une question que vous devez absolument vous poser : un tel acharnement sur un ancien Pr\u00e9sident a-t-il un pr\u00e9c\u00e9dent ? Nous avons analys\u00e9 la signification profonde de ces jugements et ce qu&rsquo;ils r\u00e9v\u00e8lent sur l&rsquo;<strong>exemplarit\u00e9<\/strong> du pouvoir dans notre article explosif : <strong><a href=\"https:\/\/www.studios-caiman.com\/index.php\/2025\/11\/03\/exemplarite-sarkozy\/\" target=\"_blank\" rel=\"noreferrer noopener\">EXCLUSIF : Exemplarit\u00e9 de Sarkozy \u2013 Que disent les juges de la Ve R\u00e9publique ?<\/a><\/strong><\/p>\n\n\n\n<h2 class=\"wp-block-heading\">\ud83e\udd2f L&rsquo;ULTIME PROVOCATION : KADHAFI A-T-IL VRAIMENT PAY\u00c9 <strong>SARKOZY<\/strong> ?<\/h2>\n\n\n\n<p>La question du financement par la Libye est le <strong>poison<\/strong> de l&rsquo;affaire. Si le Tribunal a \u00e9t\u00e9 si s\u00e9v\u00e8re avec les 5 ans ferme, c&rsquo;est que derri\u00e8re le financement, il y a l&rsquo;ombre d&rsquo;un pacte avec un dictateur !<\/p>\n\n\n\n<h3 class=\"wp-block-heading\">\ud83e\udd1d Le \u00ab\u00a0Pacte Criminel\u00a0\u00bb qui Vaut la PRISON<\/h3>\n\n\n\n<ul class=\"wp-block-list\">\n<li><strong>Ce que la Justice a RETENU :<\/strong> Le Tribunal Correctionnel a <strong>relax\u00e9<\/strong> Sarkozy du chef de <strong>Financement ill\u00e9gal de campagne<\/strong> (la preuve du virement n&rsquo;a jamais \u00e9t\u00e9 trouv\u00e9e). <strong>MAIS<\/strong> il a \u00e9t\u00e9 lourdement <strong>CONDAMN\u00c9<\/strong> pour <strong>Association de malfaiteurs<\/strong>. Cela signifie que les juges ont conclu \u00e0 l&rsquo;existence d&rsquo;un <strong>accord ill\u00e9gal et secret<\/strong> (un \u00ab\u00a0pacte faustien\u00a0\u00bb) nou\u00e9 entre les proches de Sarkozy et le r\u00e9gime de Kadhafi pour obtenir des millions d&rsquo;euros en 2007.<\/li>\n\n\n\n<li><strong>La Preuve (ou l&rsquo;indice choc) :<\/strong> Malgr\u00e9 l&rsquo;absence de virement, la justice s&rsquo;est bas\u00e9e sur un <strong>faisceau d&rsquo;indices accablants<\/strong> : les t\u00e9moignages d&rsquo;anciens dignitaires libyens (y compris le chef des services secrets), et surtout les <strong>notes explosives<\/strong> de l&rsquo;ex-ministre du P\u00e9trole libyen, Choukri Ghanem, qui d\u00e9taillaient des versements pour la campagne de 2007.<\/li>\n<\/ul>\n\n\n\n<p><strong>En clair :<\/strong> M\u00eame s&rsquo;il n&rsquo;est pas jug\u00e9 coupable d&rsquo;avoir \u00ab\u00a0touch\u00e9\u00a0\u00bb l&rsquo;argent, il est jug\u00e9 coupable d&rsquo;avoir <strong>conclu un pacte secret et criminel<\/strong> pour le toucher ! Une distinction juridique, mais une <strong>VERDICT CHOC<\/strong> pour le grand public !<\/p>\n<\/blockquote>\n\n\n\n<h2 class=\"wp-block-heading\">\ud83d\udca3 <strong>FINANCEMENT LIBYEN<\/strong> : LES D\u00c9TAILS CHOCS QUI ONT MEN\u00c9 <strong>SARKOZY EN PRISON<\/strong><\/h2>\n\n\n\n<p>L&rsquo;affaire du <strong>Financement Libyen<\/strong> est la seule qui a d\u00e9j\u00e0 envoy\u00e9 l&rsquo;ex-Pr\u00e9sident en cellule (octobre 2025). Voici pourquoi le tribunal a frapp\u00e9 si fort avec un <strong>mandat de d\u00e9p\u00f4t diff\u00e9r\u00e9<\/strong> pour les 5 ans ferme :<\/p>\n\n\n\n<p><strong>1. Le Chef d&rsquo;Accusation qui A Tout Chang\u00e9 : L&rsquo;Association de Malfaiteurs<\/strong><\/p>\n\n\n\n<p>Contrairement \u00e0 ce que beaucoup croient, le Tribunal Correctionnel a relax\u00e9 Nicolas Sarkozy des chefs de Financement ill\u00e9gal de campagne et de Corruption.<\/p>\n\n\n\n<ul class=\"wp-block-list\">\n<li><strong>Le Verdict Choc :<\/strong> Les juges l&rsquo;ont <strong>CONDAMN\u00c9<\/strong> uniquement et lourdement pour <strong>Association de malfaiteurs<\/strong>.<\/li>\n\n\n\n<li><strong>La Logique du Juge :<\/strong> <strong>En effet<\/strong>, pour le tribunal, l&rsquo;ancien Pr\u00e9sident <strong>s&rsquo;est rendu<\/strong> coupable d&rsquo;avoir particip\u00e9 \u00e0 un <strong>pacte criminel<\/strong> visant \u00e0 collecter et dissimuler des fonds illicites provenant du r\u00e9gime de Kadhafi.<\/li>\n<\/ul>\n\n\n\n<p><strong>2. La Preuve (ou son absence)<\/strong><\/p>\n\n\n\n<p><strong>N\u00e9anmoins,<\/strong> malgr\u00e9 l&rsquo;absence de \u00ab\u00a0preuve irr\u00e9futable\u00a0\u00bb d&rsquo;un virement direct, le tribunal a jug\u00e9 que <strong>l&rsquo;ensemble des indices et des t\u00e9moignages convergents<\/strong> prouvait l&rsquo;existence du pacte ill\u00e9gal. <strong>Finalement,<\/strong> c&rsquo;est sur cette base que la sanction <strong>est tomb\u00e9e<\/strong>.<\/p>\n\n\n\n<h3 class=\"wp-block-heading\">\ud83d\udd25 PROCHAIN ACTE : MARS 2026 \u2013 Le Jour o\u00f9 <strong>Sarkozy<\/strong> peut REPARTIR EN PRISON !<\/h3>\n\n\n\n<p>Le sort de <strong>Nicolas Sarkozy<\/strong> d\u00e9pend d\u00e9sormais de la <strong>Cour d&rsquo;appel de Paris<\/strong> qui r\u00e9examinera l&rsquo;affaire en <strong>mars 2026<\/strong>. Si la peine est confirm\u00e9e, la porte de la <strong>prison<\/strong> s&rsquo;ouvrira \u00e0 nouveau.<\/p>\n\n\n\n<hr class=\"wp-block-separator has-alpha-channel-opacity\"\/>\n\n\n\n<h3 class=\"wp-block-heading\"><strong>VOTRE AVIS :<\/strong> Sarkozy m\u00e9rite-t-il la <strong>prison<\/strong> pour le <strong>financement Libyen<\/strong> ?<\/h3>\n","protected":false},"excerpt":{"rendered":"<p>(Attention : Lisez ce que personne n&rsquo;ose dire sur le risque de prison pour Sarkozy !) Oubliez les six petits mois avec bracelet de Bygmalion. Cependant, l&rsquo;affaire la plus sombre, la plus explosive, est celle des millions de Kadhafi. Voici pourquoi Nicolas Sarkozy a d\u00e9j\u00e0 mis un pied en prison et peut y retourner : [&hellip;]<\/p>\n","protected":false},"author":4,"featured_media":46899,"comment_status":"closed","ping_status":"closed","sticky":false,"template":"","format":"standard","meta":{"_et_pb_use_builder":"off","_et_pb_old_content":"","_et_gb_content_width":"","footnotes":""},"categories":[118],"tags":[309,261,304,264,307,306,302,191,274,308,310,301,303,305],"class_list":["post-46891","post","type-post","status-publish","format-standard","has-post-thumbnail","hentry","category-politique","tag-6-ans-ferme","tag-affaire-libyenne","tag-financement-libyen","tag-ineligibilite","tag-justice","tag-kadhafi","tag-mandat-de-depot","tag-nicolas-sarkozy","tag-peine-de-prison","tag-prison","tag-proces-sarkozy","tag-sarkozy","tag-sarkozy-incarceration","tag-scandale-politique"],"yoast_head":"<!-- This site is optimized with the Yoast SEO plugin v27.5 - https:\/\/yoast.com\/product\/yoast-seo-wordpress\/ -->\n<title>Sarkozy risque prison Libyen 11 ans total peines<\/title>\n<meta name=\"description\" content=\"Le d\u00e9compte macabre : Sarkozy risque-t-il vraiment de finir sa vie en prison ? 5 ans ferme dans l&#039;affaire du financement libyen, plus de 6 ans au total. D\u00e9couvrez les d\u00e9tails chocs du verdict et les prochaines dates cruciales.\" \/>\n<meta name=\"robots\" content=\"index, follow, max-snippet:-1, max-image-preview:large, max-video-preview:-1\" \/>\n<link rel=\"canonical\" href=\"https:\/\/www.studios-caiman.com\/index.php\/2025\/11\/25\/sarkozy-prison-libyen-6ans-total\/\" \/>\n<meta property=\"og:locale\" content=\"fr_FR\" \/>\n<meta property=\"og:type\" content=\"article\" \/>\n<meta property=\"og:title\" content=\"Sarkozy risque prison Libyen 11 ans total peines\" \/>\n<meta property=\"og:description\" content=\"Le d\u00e9compte macabre : Sarkozy risque-t-il vraiment de finir sa vie en prison ? 5 ans ferme dans l&#039;affaire du financement libyen, plus de 6 ans au total. D\u00e9couvrez les d\u00e9tails chocs du verdict et les prochaines dates cruciales.\" \/>\n<meta property=\"og:url\" content=\"https:\/\/www.studios-caiman.com\/index.php\/2025\/11\/25\/sarkozy-prison-libyen-6ans-total\/\" \/>\n<meta property=\"og:site_name\" content=\"Studios-caiman\" \/>\n<meta property=\"article:author\" content=\"https:\/\/www.facebook.com\/studios.caiman\/\" \/>\n<meta property=\"article:published_time\" content=\"2025-11-25T14:59:08+00:00\" \/>\n<meta property=\"article:modified_time\" content=\"2025-11-26T09:13:17+00:00\" \/>\n<meta property=\"og:image\" content=\"https:\/\/www.studios-caiman.com\/wp-content\/uploads\/2025\/11\/sarkozy_kadhafi.jpg\" \/>\n\t<meta property=\"og:image:width\" content=\"432\" \/>\n\t<meta property=\"og:image:height\" content=\"353\" \/>\n\t<meta property=\"og:image:type\" content=\"image\/jpeg\" \/>\n<meta name=\"author\" content=\"Caiman\" \/>\n<meta name=\"twitter:card\" content=\"summary_large_image\" \/>\n<meta name=\"twitter:creator\" content=\"@Studios_caiman\" \/>\n<meta name=\"twitter:label1\" content=\"\u00c9crit par\" \/>\n\t<meta name=\"twitter:data1\" content=\"Caiman\" \/>\n\t<meta name=\"twitter:label2\" content=\"Dur\u00e9e de lecture estim\u00e9e\" \/>\n\t<meta name=\"twitter:data2\" content=\"3 minutes\" \/>\n<script type=\"application\/ld+json\" class=\"yoast-schema-graph\">{\"@context\":\"https:\\\/\\\/schema.org\",\"@graph\":[{\"@type\":\"Article\",\"@id\":\"https:\\\/\\\/www.studios-caiman.com\\\/index.php\\\/2025\\\/11\\\/25\\\/sarkozy-prison-libyen-6ans-total\\\/#article\",\"isPartOf\":{\"@id\":\"https:\\\/\\\/www.studios-caiman.com\\\/index.php\\\/2025\\\/11\\\/25\\\/sarkozy-prison-libyen-6ans-total\\\/\"},\"author\":{\"name\":\"Caiman\",\"@id\":\"https:\\\/\\\/www.studios-caiman.com\\\/#\\\/schema\\\/person\\\/094a4e44c4909f5a9b888af8316ede37\"},\"headline\":\"\ud83d\udea8 L&rsquo;EX-PR\u00c9SIDENT DERRI\u00c8RE LES BARREAUX ? SARKOZY PEUT-IL VRAIMENT FINIR SA VIE EN PRISON APR\u00c8S LE SCANDALE LIBYEN ?\",\"datePublished\":\"2025-11-25T14:59:08+00:00\",\"dateModified\":\"2025-11-26T09:13:17+00:00\",\"mainEntityOfPage\":{\"@id\":\"https:\\\/\\\/www.studios-caiman.com\\\/index.php\\\/2025\\\/11\\\/25\\\/sarkozy-prison-libyen-6ans-total\\\/\"},\"wordCount\":986,\"image\":{\"@id\":\"https:\\\/\\\/www.studios-caiman.com\\\/index.php\\\/2025\\\/11\\\/25\\\/sarkozy-prison-libyen-6ans-total\\\/#primaryimage\"},\"thumbnailUrl\":\"https:\\\/\\\/www.studios-caiman.com\\\/wp-content\\\/uploads\\\/2025\\\/11\\\/sarkozy_kadhafi.jpg\",\"keywords\":[\"6 ans ferme\",\"Affaire Libyenne\",\"financement Libyen\",\"in\u00e9ligibilit\u00e9\",\"justice\",\"Kadhafi\",\"mandat de d\u00e9p\u00f4t\",\"nicolas sarkozy\",\"peine de prison\",\"prison\",\"proc\u00e8s Sarkozy\",\"Sarkozy\",\"Sarkozy incarc\u00e9ration\",\"scandale politique\"],\"articleSection\":[\"politique\"],\"inLanguage\":\"fr-FR\"},{\"@type\":\"WebPage\",\"@id\":\"https:\\\/\\\/www.studios-caiman.com\\\/index.php\\\/2025\\\/11\\\/25\\\/sarkozy-prison-libyen-6ans-total\\\/\",\"url\":\"https:\\\/\\\/www.studios-caiman.com\\\/index.php\\\/2025\\\/11\\\/25\\\/sarkozy-prison-libyen-6ans-total\\\/\",\"name\":\"Sarkozy risque prison Libyen 11 ans total peines\",\"isPartOf\":{\"@id\":\"https:\\\/\\\/www.studios-caiman.com\\\/#website\"},\"primaryImageOfPage\":{\"@id\":\"https:\\\/\\\/www.studios-caiman.com\\\/index.php\\\/2025\\\/11\\\/25\\\/sarkozy-prison-libyen-6ans-total\\\/#primaryimage\"},\"image\":{\"@id\":\"https:\\\/\\\/www.studios-caiman.com\\\/index.php\\\/2025\\\/11\\\/25\\\/sarkozy-prison-libyen-6ans-total\\\/#primaryimage\"},\"thumbnailUrl\":\"https:\\\/\\\/www.studios-caiman.com\\\/wp-content\\\/uploads\\\/2025\\\/11\\\/sarkozy_kadhafi.jpg\",\"datePublished\":\"2025-11-25T14:59:08+00:00\",\"dateModified\":\"2025-11-26T09:13:17+00:00\",\"author\":{\"@id\":\"https:\\\/\\\/www.studios-caiman.com\\\/#\\\/schema\\\/person\\\/094a4e44c4909f5a9b888af8316ede37\"},\"description\":\"Le d\u00e9compte macabre : Sarkozy risque-t-il vraiment de finir sa vie en prison ? 5 ans ferme dans l'affaire du financement libyen, plus de 6 ans au total. D\u00e9couvrez les d\u00e9tails chocs du verdict et les prochaines dates cruciales.\",\"breadcrumb\":{\"@id\":\"https:\\\/\\\/www.studios-caiman.com\\\/index.php\\\/2025\\\/11\\\/25\\\/sarkozy-prison-libyen-6ans-total\\\/#breadcrumb\"},\"inLanguage\":\"fr-FR\",\"potentialAction\":[{\"@type\":\"ReadAction\",\"target\":[\"https:\\\/\\\/www.studios-caiman.com\\\/index.php\\\/2025\\\/11\\\/25\\\/sarkozy-prison-libyen-6ans-total\\\/\"]}]},{\"@type\":\"ImageObject\",\"inLanguage\":\"fr-FR\",\"@id\":\"https:\\\/\\\/www.studios-caiman.com\\\/index.php\\\/2025\\\/11\\\/25\\\/sarkozy-prison-libyen-6ans-total\\\/#primaryimage\",\"url\":\"https:\\\/\\\/www.studios-caiman.com\\\/wp-content\\\/uploads\\\/2025\\\/11\\\/sarkozy_kadhafi.jpg\",\"contentUrl\":\"https:\\\/\\\/www.studios-caiman.com\\\/wp-content\\\/uploads\\\/2025\\\/11\\\/sarkozy_kadhafi.jpg\",\"width\":432,\"height\":353,\"caption\":\"LE SOURIRE DE LA TRAHISON ? L'image qui prouve le pacte : le tapis rouge d\u00e9roul\u00e9 \u00e0 Paris par Sarkozy pour le dictateur Kadhafi en 2007. Regardez bien ce clich\u00e9 : c'est l\u00e0 que les millions ont \u00e9t\u00e9 promis !\"},{\"@type\":\"BreadcrumbList\",\"@id\":\"https:\\\/\\\/www.studios-caiman.com\\\/index.php\\\/2025\\\/11\\\/25\\\/sarkozy-prison-libyen-6ans-total\\\/#breadcrumb\",\"itemListElement\":[{\"@type\":\"ListItem\",\"position\":1,\"name\":\"Accueil\",\"item\":\"https:\\\/\\\/www.studios-caiman.com\\\/\"},{\"@type\":\"ListItem\",\"position\":2,\"name\":\"\ud83d\udea8 L&rsquo;EX-PR\u00c9SIDENT DERRI\u00c8RE LES BARREAUX ? SARKOZY PEUT-IL VRAIMENT FINIR SA VIE EN PRISON APR\u00c8S LE SCANDALE LIBYEN ?\"}]},{\"@type\":\"WebSite\",\"@id\":\"https:\\\/\\\/www.studios-caiman.com\\\/#website\",\"url\":\"https:\\\/\\\/www.studios-caiman.com\\\/\",\"name\":\"Studios-caiman\",\"description\":\"photographie, mate painting, home desiger, design ameublement\",\"potentialAction\":[{\"@type\":\"SearchAction\",\"target\":{\"@type\":\"EntryPoint\",\"urlTemplate\":\"https:\\\/\\\/www.studios-caiman.com\\\/?s={search_term_string}\"},\"query-input\":{\"@type\":\"PropertyValueSpecification\",\"valueRequired\":true,\"valueName\":\"search_term_string\"}}],\"inLanguage\":\"fr-FR\"},{\"@type\":\"Person\",\"@id\":\"https:\\\/\\\/www.studios-caiman.com\\\/#\\\/schema\\\/person\\\/094a4e44c4909f5a9b888af8316ede37\",\"name\":\"Caiman\",\"image\":{\"@type\":\"ImageObject\",\"inLanguage\":\"fr-FR\",\"@id\":\"https:\\\/\\\/secure.gravatar.com\\\/avatar\\\/cbea2b83894a6f5333105d1b45058cac7a57e2d1d98c78e930eb0eadf3e2ac27?s=96&d=mm&r=g\",\"url\":\"https:\\\/\\\/secure.gravatar.com\\\/avatar\\\/cbea2b83894a6f5333105d1b45058cac7a57e2d1d98c78e930eb0eadf3e2ac27?s=96&d=mm&r=g\",\"contentUrl\":\"https:\\\/\\\/secure.gravatar.com\\\/avatar\\\/cbea2b83894a6f5333105d1b45058cac7a57e2d1d98c78e930eb0eadf3e2ac27?s=96&d=mm&r=g\",\"caption\":\"Caiman\"},\"sameAs\":[\"http:\\\/\\\/www.studios-caiman.com\",\"https:\\\/\\\/www.facebook.com\\\/studios.caiman\\\/\",\"https:\\\/\\\/www.instagram.com\\\/studioscaiman\\\/\",\"https:\\\/\\\/www.linkedin.com\\\/in\\\/richardcaim\\\/\",\"https:\\\/\\\/x.com\\\/Studios_caiman\",\"https:\\\/\\\/www.youtube.com\\\/@harrycover2287\"],\"url\":\"https:\\\/\\\/www.studios-caiman.com\\\/index.php\\\/author\\\/lsbt_ep84\\\/\"}]}<\/script>\n<!-- \/ Yoast SEO plugin. -->","yoast_head_json":{"title":"Sarkozy risque prison Libyen 11 ans total peines","description":"Le d\u00e9compte macabre : Sarkozy risque-t-il vraiment de finir sa vie en prison ? 5 ans ferme dans l'affaire du financement libyen, plus de 6 ans au total. D\u00e9couvrez les d\u00e9tails chocs du verdict et les prochaines dates cruciales.","robots":{"index":"index","follow":"follow","max-snippet":"max-snippet:-1","max-image-preview":"max-image-preview:large","max-video-preview":"max-video-preview:-1"},"canonical":"https:\/\/www.studios-caiman.com\/index.php\/2025\/11\/25\/sarkozy-prison-libyen-6ans-total\/","og_locale":"fr_FR","og_type":"article","og_title":"Sarkozy risque prison Libyen 11 ans total peines","og_description":"Le d\u00e9compte macabre : Sarkozy risque-t-il vraiment de finir sa vie en prison ? 5 ans ferme dans l'affaire du financement libyen, plus de 6 ans au total. D\u00e9couvrez les d\u00e9tails chocs du verdict et les prochaines dates cruciales.","og_url":"https:\/\/www.studios-caiman.com\/index.php\/2025\/11\/25\/sarkozy-prison-libyen-6ans-total\/","og_site_name":"Studios-caiman","article_author":"https:\/\/www.facebook.com\/studios.caiman\/","article_published_time":"2025-11-25T14:59:08+00:00","article_modified_time":"2025-11-26T09:13:17+00:00","og_image":[{"width":432,"height":353,"url":"https:\/\/www.studios-caiman.com\/wp-content\/uploads\/2025\/11\/sarkozy_kadhafi.jpg","type":"image\/jpeg"}],"author":"Caiman","twitter_card":"summary_large_image","twitter_creator":"@Studios_caiman","twitter_misc":{"\u00c9crit par":"Caiman","Dur\u00e9e de lecture estim\u00e9e":"3 minutes"},"schema":{"@context":"https:\/\/schema.org","@graph":[{"@type":"Article","@id":"https:\/\/www.studios-caiman.com\/index.php\/2025\/11\/25\/sarkozy-prison-libyen-6ans-total\/#article","isPartOf":{"@id":"https:\/\/www.studios-caiman.com\/index.php\/2025\/11\/25\/sarkozy-prison-libyen-6ans-total\/"},"author":{"name":"Caiman","@id":"https:\/\/www.studios-caiman.com\/#\/schema\/person\/094a4e44c4909f5a9b888af8316ede37"},"headline":"\ud83d\udea8 L&rsquo;EX-PR\u00c9SIDENT DERRI\u00c8RE LES BARREAUX ? SARKOZY PEUT-IL VRAIMENT FINIR SA VIE EN PRISON APR\u00c8S LE SCANDALE LIBYEN ?","datePublished":"2025-11-25T14:59:08+00:00","dateModified":"2025-11-26T09:13:17+00:00","mainEntityOfPage":{"@id":"https:\/\/www.studios-caiman.com\/index.php\/2025\/11\/25\/sarkozy-prison-libyen-6ans-total\/"},"wordCount":986,"image":{"@id":"https:\/\/www.studios-caiman.com\/index.php\/2025\/11\/25\/sarkozy-prison-libyen-6ans-total\/#primaryimage"},"thumbnailUrl":"https:\/\/www.studios-caiman.com\/wp-content\/uploads\/2025\/11\/sarkozy_kadhafi.jpg","keywords":["6 ans ferme","Affaire Libyenne","financement Libyen","in\u00e9ligibilit\u00e9","justice","Kadhafi","mandat de d\u00e9p\u00f4t","nicolas sarkozy","peine de prison","prison","proc\u00e8s Sarkozy","Sarkozy","Sarkozy incarc\u00e9ration","scandale politique"],"articleSection":["politique"],"inLanguage":"fr-FR"},{"@type":"WebPage","@id":"https:\/\/www.studios-caiman.com\/index.php\/2025\/11\/25\/sarkozy-prison-libyen-6ans-total\/","url":"https:\/\/www.studios-caiman.com\/index.php\/2025\/11\/25\/sarkozy-prison-libyen-6ans-total\/","name":"Sarkozy risque prison Libyen 11 ans total peines","isPartOf":{"@id":"https:\/\/www.studios-caiman.com\/#website"},"primaryImageOfPage":{"@id":"https:\/\/www.studios-caiman.com\/index.php\/2025\/11\/25\/sarkozy-prison-libyen-6ans-total\/#primaryimage"},"image":{"@id":"https:\/\/www.studios-caiman.com\/index.php\/2025\/11\/25\/sarkozy-prison-libyen-6ans-total\/#primaryimage"},"thumbnailUrl":"https:\/\/www.studios-caiman.com\/wp-content\/uploads\/2025\/11\/sarkozy_kadhafi.jpg","datePublished":"2025-11-25T14:59:08+00:00","dateModified":"2025-11-26T09:13:17+00:00","author":{"@id":"https:\/\/www.studios-caiman.com\/#\/schema\/person\/094a4e44c4909f5a9b888af8316ede37"},"description":"Le d\u00e9compte macabre : Sarkozy risque-t-il vraiment de finir sa vie en prison ? 5 ans ferme dans l'affaire du financement libyen, plus de 6 ans au total. D\u00e9couvrez les d\u00e9tails chocs du verdict et les prochaines dates cruciales.","breadcrumb":{"@id":"https:\/\/www.studios-caiman.com\/index.php\/2025\/11\/25\/sarkozy-prison-libyen-6ans-total\/#breadcrumb"},"inLanguage":"fr-FR","potentialAction":[{"@type":"ReadAction","target":["https:\/\/www.studios-caiman.com\/index.php\/2025\/11\/25\/sarkozy-prison-libyen-6ans-total\/"]}]},{"@type":"ImageObject","inLanguage":"fr-FR","@id":"https:\/\/www.studios-caiman.com\/index.php\/2025\/11\/25\/sarkozy-prison-libyen-6ans-total\/#primaryimage","url":"https:\/\/www.studios-caiman.com\/wp-content\/uploads\/2025\/11\/sarkozy_kadhafi.jpg","contentUrl":"https:\/\/www.studios-caiman.com\/wp-content\/uploads\/2025\/11\/sarkozy_kadhafi.jpg","width":432,"height":353,"caption":"LE SOURIRE DE LA TRAHISON ? L'image qui prouve le pacte : le tapis rouge d\u00e9roul\u00e9 \u00e0 Paris par Sarkozy pour le dictateur Kadhafi en 2007. Regardez bien ce clich\u00e9 : c'est l\u00e0 que les millions ont \u00e9t\u00e9 promis !"},{"@type":"BreadcrumbList","@id":"https:\/\/www.studios-caiman.com\/index.php\/2025\/11\/25\/sarkozy-prison-libyen-6ans-total\/#breadcrumb","itemListElement":[{"@type":"ListItem","position":1,"name":"Accueil","item":"https:\/\/www.studios-caiman.com\/"},{"@type":"ListItem","position":2,"name":"\ud83d\udea8 L&rsquo;EX-PR\u00c9SIDENT DERRI\u00c8RE LES BARREAUX ? SARKOZY PEUT-IL VRAIMENT FINIR SA VIE EN PRISON APR\u00c8S LE SCANDALE LIBYEN ?"}]},{"@type":"WebSite","@id":"https:\/\/www.studios-caiman.com\/#website","url":"https:\/\/www.studios-caiman.com\/","name":"Studios-caiman","description":"photographie, mate painting, home desiger, design ameublement","potentialAction":[{"@type":"SearchAction","target":{"@type":"EntryPoint","urlTemplate":"https:\/\/www.studios-caiman.com\/?s={search_term_string}"},"query-input":{"@type":"PropertyValueSpecification","valueRequired":true,"valueName":"search_term_string"}}],"inLanguage":"fr-FR"},{"@type":"Person","@id":"https:\/\/www.studios-caiman.com\/#\/schema\/person\/094a4e44c4909f5a9b888af8316ede37","name":"Caiman","image":{"@type":"ImageObject","inLanguage":"fr-FR","@id":"https:\/\/secure.gravatar.com\/avatar\/cbea2b83894a6f5333105d1b45058cac7a57e2d1d98c78e930eb0eadf3e2ac27?s=96&d=mm&r=g","url":"https:\/\/secure.gravatar.com\/avatar\/cbea2b83894a6f5333105d1b45058cac7a57e2d1d98c78e930eb0eadf3e2ac27?s=96&d=mm&r=g","contentUrl":"https:\/\/secure.gravatar.com\/avatar\/cbea2b83894a6f5333105d1b45058cac7a57e2d1d98c78e930eb0eadf3e2ac27?s=96&d=mm&r=g","caption":"Caiman"},"sameAs":["http:\/\/www.studios-caiman.com","https:\/\/www.facebook.com\/studios.caiman\/","https:\/\/www.instagram.com\/studioscaiman\/","https:\/\/www.linkedin.com\/in\/richardcaim\/","https:\/\/x.com\/Studios_caiman","https:\/\/www.youtube.com\/@harrycover2287"],"url":"https:\/\/www.studios-caiman.com\/index.php\/author\/lsbt_ep84\/"}]}},"_links":{"self":[{"href":"https:\/\/www.studios-caiman.com\/index.php\/wp-json\/wp\/v2\/posts\/46891","targetHints":{"allow":["GET"]}}],"collection":[{"href":"https:\/\/www.studios-caiman.com\/index.php\/wp-json\/wp\/v2\/posts"}],"about":[{"href":"https:\/\/www.studios-caiman.com\/index.php\/wp-json\/wp\/v2\/types\/post"}],"author":[{"embeddable":true,"href":"https:\/\/www.studios-caiman.com\/index.php\/wp-json\/wp\/v2\/users\/4"}],"replies":[{"embeddable":true,"href":"https:\/\/www.studios-caiman.com\/index.php\/wp-json\/wp\/v2\/comments?post=46891"}],"version-history":[{"count":5,"href":"https:\/\/www.studios-caiman.com\/index.php\/wp-json\/wp\/v2\/posts\/46891\/revisions"}],"predecessor-version":[{"id":46903,"href":"https:\/\/www.studios-caiman.com\/index.php\/wp-json\/wp\/v2\/posts\/46891\/revisions\/46903"}],"wp:featuredmedia":[{"embeddable":true,"href":"https:\/\/www.studios-caiman.com\/index.php\/wp-json\/wp\/v2\/media\/46899"}],"wp:attachment":[{"href":"https:\/\/www.studios-caiman.com\/index.php\/wp-json\/wp\/v2\/media?parent=46891"}],"wp:term":[{"taxonomy":"category","embeddable":true,"href":"https:\/\/www.studios-caiman.com\/index.php\/wp-json\/wp\/v2\/categories?post=46891"},{"taxonomy":"post_tag","embeddable":true,"href":"https:\/\/www.studios-caiman.com\/index.php\/wp-json\/wp\/v2\/tags?post=46891"}],"curies":[{"name":"wp","href":"https:\/\/api.w.org\/{rel}","templated":true}]}}