{"id":46523,"date":"2025-09-01T11:09:07","date_gmt":"2025-09-01T09:09:07","guid":{"rendered":"https:\/\/www.studios-caiman.com\/?p=46523"},"modified":"2025-11-26T10:17:19","modified_gmt":"2025-11-26T09:17:19","slug":"dette-publique-francaise-de-gaulle-a-macron","status":"publish","type":"post","link":"https:\/\/www.studios-caiman.com\/index.php\/2025\/09\/01\/dette-publique-francaise-de-gaulle-a-macron\/","title":{"rendered":"Dette publique fran\u00e7aise : de Gaulle \u00e0 Macron"},"content":{"rendered":"\n<h2 class=\"wp-block-heading\">\ud83c\uddeb\ud83c\uddf7 Le poids de la dette fran\u00e7aise : <br>De Gaulle \u00e0 Macron, l\u2019incroyable spirale d\u2019un fardeau \u00e9conomique<\/h2>\n\n\n\n<p>D\u00e9couvrez l\u2019\u00e9volution vertigineuse de la dette publique fran\u00e7aise de 1968 \u00e0 2024. Quels pr\u00e9sidents ont le plus creus\u00e9 le gouffre ? Une analyse sans filtre, chiffres \u00e0 l\u2019appui.<\/p>\n\n\n\n<h2 class=\"wp-block-heading\">\ud83d\udd25 La dette publique : un h\u00e9ritage qui p\u00e8se lourd\u2026 tr\u00e8s lourd<\/h2>\n\n\n\n<p>On aime bien l\u2019habiller en pourcentage du PIB, comme si cela suffisait \u00e0 la rendre plus digeste. Mais soyons clairs : la dette publique fran\u00e7aise est un fardeau monumental. Elle est le fruit de d\u00e9cennies de d\u00e9cisions politiques, de crises mal g\u00e9r\u00e9es, de r\u00e9formes inachev\u00e9es et de promesses co\u00fbteuses.<\/p>\n\n\n\n<p>Regardons les chiffres bruts \u2014 en milliards d\u2019euros \u2014 et le tableau devient brutalement limpide : chaque pr\u00e9sident de la Ve R\u00e9publique a ajout\u00e9 sa pierre \u00e0 l\u2019\u00e9difice\u2026 ou plut\u00f4t son lingot \u00e0 la dette.<\/p>\n\n\n\n<h2 class=\"wp-block-heading\">\ud83d\udcc8 L\u2019acc\u00e9l\u00e9ration : de la retenue \u00e0 la d\u00e9mesure<\/h2>\n\n\n\n<figure class=\"wp-block-image size-full\"><img loading=\"lazy\" decoding=\"async\" width=\"919\" height=\"497\" src=\"https:\/\/www.studios-caiman.com\/wp-content\/uploads\/2025\/09\/image-2.png\" alt=\"\" class=\"wp-image-46542\" srcset=\"https:\/\/www.studios-caiman.com\/wp-content\/uploads\/2025\/09\/image-2.png 919w, https:\/\/www.studios-caiman.com\/wp-content\/uploads\/2025\/09\/image-2-480x260.png 480w\" sizes=\"(min-width: 0px) and (max-width: 480px) 480px, (min-width: 481px) 919px, 100vw\" \/><\/figure>\n\n\n\n<h2 class=\"wp-block-heading\">\ud83c\udfc6 Le palmar\u00e8s des champions de l\u2019endettement<\/h2>\n\n\n\n<h2 class=\"wp-block-heading\">\ud83d\udcca Quelques chiffres cl\u00e9s (en % du PIB)<\/h2>\n\n\n\n<ul class=\"wp-block-list\">\n<li><strong>1969<\/strong> : dette publique = 20,7 % du PIB<\/li>\n\n\n\n<li><strong>2024 (pr\u00e9vision)<\/strong> : dette publique = 110,6 % du PIB<\/li>\n\n\n\n<li><strong>Progression par pr\u00e9sident<\/strong> :\n<ul class=\"wp-block-list\">\n<li>Mitterrand : +20,1 points<\/li>\n\n\n\n<li>Chirac : +14,3 points<\/li>\n\n\n\n<li>Sarkozy : +20,3 points<\/li>\n\n\n\n<li>Hollande : +9,6 points<\/li>\n\n\n\n<li>Macron : +25,6 points<\/li>\n<\/ul>\n<\/li>\n<\/ul>\n\n\n\n<h2 class=\"wp-block-heading\">\u26a0\ufe0f Une spirale sans fin ?<\/h2>\n\n\n\n<p>Depuis les ann\u00e9es 1980, la dette publique fran\u00e7aise ne fait que grimper. Pas de pause, pas de recul. Une trajectoire ascendante qui interroge : <strong>Qui aura le courage de l\u2019inverser ?<\/strong> Parce qu\u2019\u00e0 ce rythme, ce ne sont plus des g\u00e9n\u00e9rations futures qui paieront\u2026 c\u2019est d\u00e9j\u00e0 nous.t au XXIe si\u00e8cle. Ce fardeau financier, cumul\u00e9 au fil des d\u00e9cennies, pose un <strong>d\u00e9fi majeur<\/strong> pour l&rsquo;avenir de la France.<\/p>\n","protected":false},"excerpt":{"rendered":"<p>\ud83c\uddeb\ud83c\uddf7 Le poids de la dette fran\u00e7aise : De Gaulle \u00e0 Macron, l\u2019incroyable spirale d\u2019un fardeau \u00e9conomique D\u00e9couvrez l\u2019\u00e9volution vertigineuse de la dette publique fran\u00e7aise de 1968 \u00e0 2024. Quels pr\u00e9sidents ont le plus creus\u00e9 le gouffre ? Une analyse sans filtre, chiffres \u00e0 l\u2019appui. \ud83d\udd25 La dette publique : un h\u00e9ritage qui p\u00e8se lourd\u2026 [&hellip;]<\/p>\n","protected":false},"author":4,"featured_media":46544,"comment_status":"closed","ping_status":"closed","sticky":false,"template":"","format":"standard","meta":{"_et_pb_use_builder":"off","_et_pb_old_content":"","_et_gb_content_width":"","footnotes":""},"categories":[118],"tags":[128,121,136,127,119,126,137,123,125,122,129,120,124],"class_list":["post-46523","post","type-post","status-publish","format-standard","has-post-thumbnail","hentry","category-politique","tag-analyse-economique","tag-dette-par-president","tag-dette-publique","tag-economie-francaise","tag-evolution-de-la-dette","tag-finances-publiques","tag-france","tag-graphique-comparatif","tag-histoire-politique","tag-mandat-presidentiel","tag-politique-economique","tag-presidents-francais","tag-ve-republique"],"yoast_head":"<!-- This site is optimized with the Yoast SEO plugin v27.5 - https:\/\/yoast.com\/product\/yoast-seo-wordpress\/ -->\n<title>Dette publique fran\u00e7aise : de Gaulle \u00e0 Macron - Studios-caiman<\/title>\n<meta name=\"description\" content=\"Analyse de l\u2019\u00e9volution de la dette publique fran\u00e7aise de 1968 \u00e0 2024. Chiffres cl\u00e9s, classement des pr\u00e9sidents, et tendances \u00e9conomiques.\" \/>\n<meta name=\"robots\" content=\"index, follow, max-snippet:-1, max-image-preview:large, max-video-preview:-1\" \/>\n<link rel=\"canonical\" href=\"https:\/\/www.studios-caiman.com\/index.php\/2025\/09\/01\/dette-publique-francaise-de-gaulle-a-macron\/\" \/>\n<meta property=\"og:locale\" content=\"fr_FR\" \/>\n<meta property=\"og:type\" content=\"article\" \/>\n<meta property=\"og:title\" content=\"Dette publique fran\u00e7aise : de Gaulle \u00e0 Macron - Studios-caiman\" \/>\n<meta property=\"og:description\" content=\"Analyse de l\u2019\u00e9volution de la dette publique fran\u00e7aise de 1968 \u00e0 2024. Chiffres cl\u00e9s, classement des pr\u00e9sidents, et tendances \u00e9conomiques.\" \/>\n<meta property=\"og:url\" content=\"https:\/\/www.studios-caiman.com\/index.php\/2025\/09\/01\/dette-publique-francaise-de-gaulle-a-macron\/\" \/>\n<meta property=\"og:site_name\" content=\"Studios-caiman\" \/>\n<meta property=\"article:author\" content=\"https:\/\/www.facebook.com\/studios.caiman\/\" \/>\n<meta property=\"article:published_time\" content=\"2025-09-01T09:09:07+00:00\" \/>\n<meta property=\"article:modified_time\" content=\"2025-11-26T09:17:19+00:00\" \/>\n<meta property=\"og:image\" content=\"https:\/\/www.studios-caiman.com\/wp-content\/uploads\/2025\/09\/image-3.png\" \/>\n\t<meta property=\"og:image:width\" content=\"955\" \/>\n\t<meta property=\"og:image:height\" content=\"592\" \/>\n\t<meta property=\"og:image:type\" content=\"image\/png\" \/>\n<meta name=\"author\" content=\"Caiman\" \/>\n<meta name=\"twitter:card\" content=\"summary_large_image\" \/>\n<meta name=\"twitter:creator\" content=\"@Studios_caiman\" \/>\n<meta name=\"twitter:label1\" content=\"\u00c9crit par\" \/>\n\t<meta name=\"twitter:data1\" content=\"Caiman\" \/>\n\t<meta name=\"twitter:label2\" content=\"Dur\u00e9e de lecture estim\u00e9e\" \/>\n\t<meta name=\"twitter:data2\" content=\"2 minutes\" \/>\n<script type=\"application\/ld+json\" class=\"yoast-schema-graph\">{\"@context\":\"https:\\\/\\\/schema.org\",\"@graph\":[{\"@type\":\"Article\",\"@id\":\"https:\\\/\\\/www.studios-caiman.com\\\/index.php\\\/2025\\\/09\\\/01\\\/dette-publique-francaise-de-gaulle-a-macron\\\/#article\",\"isPartOf\":{\"@id\":\"https:\\\/\\\/www.studios-caiman.com\\\/index.php\\\/2025\\\/09\\\/01\\\/dette-publique-francaise-de-gaulle-a-macron\\\/\"},\"author\":{\"name\":\"Caiman\",\"@id\":\"https:\\\/\\\/www.studios-caiman.com\\\/#\\\/schema\\\/person\\\/094a4e44c4909f5a9b888af8316ede37\"},\"headline\":\"Dette publique fran\u00e7aise : de Gaulle \u00e0 Macron\",\"datePublished\":\"2025-09-01T09:09:07+00:00\",\"dateModified\":\"2025-11-26T09:17:19+00:00\",\"mainEntityOfPage\":{\"@id\":\"https:\\\/\\\/www.studios-caiman.com\\\/index.php\\\/2025\\\/09\\\/01\\\/dette-publique-francaise-de-gaulle-a-macron\\\/\"},\"wordCount\":285,\"image\":{\"@id\":\"https:\\\/\\\/www.studios-caiman.com\\\/index.php\\\/2025\\\/09\\\/01\\\/dette-publique-francaise-de-gaulle-a-macron\\\/#primaryimage\"},\"thumbnailUrl\":\"https:\\\/\\\/www.studios-caiman.com\\\/wp-content\\\/uploads\\\/2025\\\/09\\\/image-3.png\",\"keywords\":[\"analyse \u00e9conomique\",\"dette par pr\u00e9sident\",\"dette publique\",\"\u00e9conomie fran\u00e7aise\",\"\u00e9volution de la dette\",\"finances publiques\",\"France\",\"graphique comparatif\",\"histoire politique\",\"mandat pr\u00e9sidentiel\",\"politique \u00e9conomique\",\"pr\u00e9sidents fran\u00e7ais\",\"Ve R\u00e9publique\"],\"articleSection\":[\"politique\"],\"inLanguage\":\"fr-FR\"},{\"@type\":\"WebPage\",\"@id\":\"https:\\\/\\\/www.studios-caiman.com\\\/index.php\\\/2025\\\/09\\\/01\\\/dette-publique-francaise-de-gaulle-a-macron\\\/\",\"url\":\"https:\\\/\\\/www.studios-caiman.com\\\/index.php\\\/2025\\\/09\\\/01\\\/dette-publique-francaise-de-gaulle-a-macron\\\/\",\"name\":\"Dette publique fran\u00e7aise : de Gaulle \u00e0 Macron - Studios-caiman\",\"isPartOf\":{\"@id\":\"https:\\\/\\\/www.studios-caiman.com\\\/#website\"},\"primaryImageOfPage\":{\"@id\":\"https:\\\/\\\/www.studios-caiman.com\\\/index.php\\\/2025\\\/09\\\/01\\\/dette-publique-francaise-de-gaulle-a-macron\\\/#primaryimage\"},\"image\":{\"@id\":\"https:\\\/\\\/www.studios-caiman.com\\\/index.php\\\/2025\\\/09\\\/01\\\/dette-publique-francaise-de-gaulle-a-macron\\\/#primaryimage\"},\"thumbnailUrl\":\"https:\\\/\\\/www.studios-caiman.com\\\/wp-content\\\/uploads\\\/2025\\\/09\\\/image-3.png\",\"datePublished\":\"2025-09-01T09:09:07+00:00\",\"dateModified\":\"2025-11-26T09:17:19+00:00\",\"author\":{\"@id\":\"https:\\\/\\\/www.studios-caiman.com\\\/#\\\/schema\\\/person\\\/094a4e44c4909f5a9b888af8316ede37\"},\"description\":\"Analyse de l\u2019\u00e9volution de la dette publique fran\u00e7aise de 1968 \u00e0 2024. Chiffres cl\u00e9s, classement des pr\u00e9sidents, et tendances \u00e9conomiques.\",\"breadcrumb\":{\"@id\":\"https:\\\/\\\/www.studios-caiman.com\\\/index.php\\\/2025\\\/09\\\/01\\\/dette-publique-francaise-de-gaulle-a-macron\\\/#breadcrumb\"},\"inLanguage\":\"fr-FR\",\"potentialAction\":[{\"@type\":\"ReadAction\",\"target\":[\"https:\\\/\\\/www.studios-caiman.com\\\/index.php\\\/2025\\\/09\\\/01\\\/dette-publique-francaise-de-gaulle-a-macron\\\/\"]}]},{\"@type\":\"ImageObject\",\"inLanguage\":\"fr-FR\",\"@id\":\"https:\\\/\\\/www.studios-caiman.com\\\/index.php\\\/2025\\\/09\\\/01\\\/dette-publique-francaise-de-gaulle-a-macron\\\/#primaryimage\",\"url\":\"https:\\\/\\\/www.studios-caiman.com\\\/wp-content\\\/uploads\\\/2025\\\/09\\\/image-3.png\",\"contentUrl\":\"https:\\\/\\\/www.studios-caiman.com\\\/wp-content\\\/uploads\\\/2025\\\/09\\\/image-3.png\",\"width\":955,\"height\":592,\"caption\":\"Ce graphique en colonnes group\u00e9es illustre l\u2019\u00e9volution de la dette publique fran\u00e7aise sous chaque pr\u00e9sident de la Ve R\u00e9publique, de Charles de Gaulle \u00e0 Emmanuel Macron. Il pr\u00e9sente deux indicateurs : la dette totale en fin de mandat (barre bleue) et l\u2019augmentation de la dette durant le mandat (barre rouge), avec une coloration politique pour faciliter la lecture.\"},{\"@type\":\"BreadcrumbList\",\"@id\":\"https:\\\/\\\/www.studios-caiman.com\\\/index.php\\\/2025\\\/09\\\/01\\\/dette-publique-francaise-de-gaulle-a-macron\\\/#breadcrumb\",\"itemListElement\":[{\"@type\":\"ListItem\",\"position\":1,\"name\":\"Accueil\",\"item\":\"https:\\\/\\\/www.studios-caiman.com\\\/\"},{\"@type\":\"ListItem\",\"position\":2,\"name\":\"Dette publique fran\u00e7aise : de Gaulle \u00e0 Macron\"}]},{\"@type\":\"WebSite\",\"@id\":\"https:\\\/\\\/www.studios-caiman.com\\\/#website\",\"url\":\"https:\\\/\\\/www.studios-caiman.com\\\/\",\"name\":\"Studios-caiman\",\"description\":\"photographie, mate painting, home desiger, design ameublement\",\"potentialAction\":[{\"@type\":\"SearchAction\",\"target\":{\"@type\":\"EntryPoint\",\"urlTemplate\":\"https:\\\/\\\/www.studios-caiman.com\\\/?s={search_term_string}\"},\"query-input\":{\"@type\":\"PropertyValueSpecification\",\"valueRequired\":true,\"valueName\":\"search_term_string\"}}],\"inLanguage\":\"fr-FR\"},{\"@type\":\"Person\",\"@id\":\"https:\\\/\\\/www.studios-caiman.com\\\/#\\\/schema\\\/person\\\/094a4e44c4909f5a9b888af8316ede37\",\"name\":\"Caiman\",\"image\":{\"@type\":\"ImageObject\",\"inLanguage\":\"fr-FR\",\"@id\":\"https:\\\/\\\/secure.gravatar.com\\\/avatar\\\/cbea2b83894a6f5333105d1b45058cac7a57e2d1d98c78e930eb0eadf3e2ac27?s=96&d=mm&r=g\",\"url\":\"https:\\\/\\\/secure.gravatar.com\\\/avatar\\\/cbea2b83894a6f5333105d1b45058cac7a57e2d1d98c78e930eb0eadf3e2ac27?s=96&d=mm&r=g\",\"contentUrl\":\"https:\\\/\\\/secure.gravatar.com\\\/avatar\\\/cbea2b83894a6f5333105d1b45058cac7a57e2d1d98c78e930eb0eadf3e2ac27?s=96&d=mm&r=g\",\"caption\":\"Caiman\"},\"sameAs\":[\"http:\\\/\\\/www.studios-caiman.com\",\"https:\\\/\\\/www.facebook.com\\\/studios.caiman\\\/\",\"https:\\\/\\\/www.instagram.com\\\/studioscaiman\\\/\",\"https:\\\/\\\/www.linkedin.com\\\/in\\\/richardcaim\\\/\",\"https:\\\/\\\/x.com\\\/Studios_caiman\",\"https:\\\/\\\/www.youtube.com\\\/@harrycover2287\"],\"url\":\"https:\\\/\\\/www.studios-caiman.com\\\/index.php\\\/author\\\/lsbt_ep84\\\/\"}]}<\/script>\n<!-- \/ Yoast SEO plugin. -->","yoast_head_json":{"title":"Dette publique fran\u00e7aise : de Gaulle \u00e0 Macron - Studios-caiman","description":"Analyse de l\u2019\u00e9volution de la dette publique fran\u00e7aise de 1968 \u00e0 2024. Chiffres cl\u00e9s, classement des pr\u00e9sidents, et tendances \u00e9conomiques.","robots":{"index":"index","follow":"follow","max-snippet":"max-snippet:-1","max-image-preview":"max-image-preview:large","max-video-preview":"max-video-preview:-1"},"canonical":"https:\/\/www.studios-caiman.com\/index.php\/2025\/09\/01\/dette-publique-francaise-de-gaulle-a-macron\/","og_locale":"fr_FR","og_type":"article","og_title":"Dette publique fran\u00e7aise : de Gaulle \u00e0 Macron - Studios-caiman","og_description":"Analyse de l\u2019\u00e9volution de la dette publique fran\u00e7aise de 1968 \u00e0 2024. Chiffres cl\u00e9s, classement des pr\u00e9sidents, et tendances \u00e9conomiques.","og_url":"https:\/\/www.studios-caiman.com\/index.php\/2025\/09\/01\/dette-publique-francaise-de-gaulle-a-macron\/","og_site_name":"Studios-caiman","article_author":"https:\/\/www.facebook.com\/studios.caiman\/","article_published_time":"2025-09-01T09:09:07+00:00","article_modified_time":"2025-11-26T09:17:19+00:00","og_image":[{"width":955,"height":592,"url":"https:\/\/www.studios-caiman.com\/wp-content\/uploads\/2025\/09\/image-3.png","type":"image\/png"}],"author":"Caiman","twitter_card":"summary_large_image","twitter_creator":"@Studios_caiman","twitter_misc":{"\u00c9crit par":"Caiman","Dur\u00e9e de lecture estim\u00e9e":"2 minutes"},"schema":{"@context":"https:\/\/schema.org","@graph":[{"@type":"Article","@id":"https:\/\/www.studios-caiman.com\/index.php\/2025\/09\/01\/dette-publique-francaise-de-gaulle-a-macron\/#article","isPartOf":{"@id":"https:\/\/www.studios-caiman.com\/index.php\/2025\/09\/01\/dette-publique-francaise-de-gaulle-a-macron\/"},"author":{"name":"Caiman","@id":"https:\/\/www.studios-caiman.com\/#\/schema\/person\/094a4e44c4909f5a9b888af8316ede37"},"headline":"Dette publique fran\u00e7aise : de Gaulle \u00e0 Macron","datePublished":"2025-09-01T09:09:07+00:00","dateModified":"2025-11-26T09:17:19+00:00","mainEntityOfPage":{"@id":"https:\/\/www.studios-caiman.com\/index.php\/2025\/09\/01\/dette-publique-francaise-de-gaulle-a-macron\/"},"wordCount":285,"image":{"@id":"https:\/\/www.studios-caiman.com\/index.php\/2025\/09\/01\/dette-publique-francaise-de-gaulle-a-macron\/#primaryimage"},"thumbnailUrl":"https:\/\/www.studios-caiman.com\/wp-content\/uploads\/2025\/09\/image-3.png","keywords":["analyse \u00e9conomique","dette par pr\u00e9sident","dette publique","\u00e9conomie fran\u00e7aise","\u00e9volution de la dette","finances publiques","France","graphique comparatif","histoire politique","mandat pr\u00e9sidentiel","politique \u00e9conomique","pr\u00e9sidents fran\u00e7ais","Ve R\u00e9publique"],"articleSection":["politique"],"inLanguage":"fr-FR"},{"@type":"WebPage","@id":"https:\/\/www.studios-caiman.com\/index.php\/2025\/09\/01\/dette-publique-francaise-de-gaulle-a-macron\/","url":"https:\/\/www.studios-caiman.com\/index.php\/2025\/09\/01\/dette-publique-francaise-de-gaulle-a-macron\/","name":"Dette publique fran\u00e7aise : de Gaulle \u00e0 Macron - Studios-caiman","isPartOf":{"@id":"https:\/\/www.studios-caiman.com\/#website"},"primaryImageOfPage":{"@id":"https:\/\/www.studios-caiman.com\/index.php\/2025\/09\/01\/dette-publique-francaise-de-gaulle-a-macron\/#primaryimage"},"image":{"@id":"https:\/\/www.studios-caiman.com\/index.php\/2025\/09\/01\/dette-publique-francaise-de-gaulle-a-macron\/#primaryimage"},"thumbnailUrl":"https:\/\/www.studios-caiman.com\/wp-content\/uploads\/2025\/09\/image-3.png","datePublished":"2025-09-01T09:09:07+00:00","dateModified":"2025-11-26T09:17:19+00:00","author":{"@id":"https:\/\/www.studios-caiman.com\/#\/schema\/person\/094a4e44c4909f5a9b888af8316ede37"},"description":"Analyse de l\u2019\u00e9volution de la dette publique fran\u00e7aise de 1968 \u00e0 2024. Chiffres cl\u00e9s, classement des pr\u00e9sidents, et tendances \u00e9conomiques.","breadcrumb":{"@id":"https:\/\/www.studios-caiman.com\/index.php\/2025\/09\/01\/dette-publique-francaise-de-gaulle-a-macron\/#breadcrumb"},"inLanguage":"fr-FR","potentialAction":[{"@type":"ReadAction","target":["https:\/\/www.studios-caiman.com\/index.php\/2025\/09\/01\/dette-publique-francaise-de-gaulle-a-macron\/"]}]},{"@type":"ImageObject","inLanguage":"fr-FR","@id":"https:\/\/www.studios-caiman.com\/index.php\/2025\/09\/01\/dette-publique-francaise-de-gaulle-a-macron\/#primaryimage","url":"https:\/\/www.studios-caiman.com\/wp-content\/uploads\/2025\/09\/image-3.png","contentUrl":"https:\/\/www.studios-caiman.com\/wp-content\/uploads\/2025\/09\/image-3.png","width":955,"height":592,"caption":"Ce graphique en colonnes group\u00e9es illustre l\u2019\u00e9volution de la dette publique fran\u00e7aise sous chaque pr\u00e9sident de la Ve R\u00e9publique, de Charles de Gaulle \u00e0 Emmanuel Macron. Il pr\u00e9sente deux indicateurs : la dette totale en fin de mandat (barre bleue) et l\u2019augmentation de la dette durant le mandat (barre rouge), avec une coloration politique pour faciliter la lecture."},{"@type":"BreadcrumbList","@id":"https:\/\/www.studios-caiman.com\/index.php\/2025\/09\/01\/dette-publique-francaise-de-gaulle-a-macron\/#breadcrumb","itemListElement":[{"@type":"ListItem","position":1,"name":"Accueil","item":"https:\/\/www.studios-caiman.com\/"},{"@type":"ListItem","position":2,"name":"Dette publique fran\u00e7aise : de Gaulle \u00e0 Macron"}]},{"@type":"WebSite","@id":"https:\/\/www.studios-caiman.com\/#website","url":"https:\/\/www.studios-caiman.com\/","name":"Studios-caiman","description":"photographie, mate painting, home desiger, design ameublement","potentialAction":[{"@type":"SearchAction","target":{"@type":"EntryPoint","urlTemplate":"https:\/\/www.studios-caiman.com\/?s={search_term_string}"},"query-input":{"@type":"PropertyValueSpecification","valueRequired":true,"valueName":"search_term_string"}}],"inLanguage":"fr-FR"},{"@type":"Person","@id":"https:\/\/www.studios-caiman.com\/#\/schema\/person\/094a4e44c4909f5a9b888af8316ede37","name":"Caiman","image":{"@type":"ImageObject","inLanguage":"fr-FR","@id":"https:\/\/secure.gravatar.com\/avatar\/cbea2b83894a6f5333105d1b45058cac7a57e2d1d98c78e930eb0eadf3e2ac27?s=96&d=mm&r=g","url":"https:\/\/secure.gravatar.com\/avatar\/cbea2b83894a6f5333105d1b45058cac7a57e2d1d98c78e930eb0eadf3e2ac27?s=96&d=mm&r=g","contentUrl":"https:\/\/secure.gravatar.com\/avatar\/cbea2b83894a6f5333105d1b45058cac7a57e2d1d98c78e930eb0eadf3e2ac27?s=96&d=mm&r=g","caption":"Caiman"},"sameAs":["http:\/\/www.studios-caiman.com","https:\/\/www.facebook.com\/studios.caiman\/","https:\/\/www.instagram.com\/studioscaiman\/","https:\/\/www.linkedin.com\/in\/richardcaim\/","https:\/\/x.com\/Studios_caiman","https:\/\/www.youtube.com\/@harrycover2287"],"url":"https:\/\/www.studios-caiman.com\/index.php\/author\/lsbt_ep84\/"}]}},"_links":{"self":[{"href":"https:\/\/www.studios-caiman.com\/index.php\/wp-json\/wp\/v2\/posts\/46523","targetHints":{"allow":["GET"]}}],"collection":[{"href":"https:\/\/www.studios-caiman.com\/index.php\/wp-json\/wp\/v2\/posts"}],"about":[{"href":"https:\/\/www.studios-caiman.com\/index.php\/wp-json\/wp\/v2\/types\/post"}],"author":[{"embeddable":true,"href":"https:\/\/www.studios-caiman.com\/index.php\/wp-json\/wp\/v2\/users\/4"}],"replies":[{"embeddable":true,"href":"https:\/\/www.studios-caiman.com\/index.php\/wp-json\/wp\/v2\/comments?post=46523"}],"version-history":[{"count":6,"href":"https:\/\/www.studios-caiman.com\/index.php\/wp-json\/wp\/v2\/posts\/46523\/revisions"}],"predecessor-version":[{"id":46546,"href":"https:\/\/www.studios-caiman.com\/index.php\/wp-json\/wp\/v2\/posts\/46523\/revisions\/46546"}],"wp:featuredmedia":[{"embeddable":true,"href":"https:\/\/www.studios-caiman.com\/index.php\/wp-json\/wp\/v2\/media\/46544"}],"wp:attachment":[{"href":"https:\/\/www.studios-caiman.com\/index.php\/wp-json\/wp\/v2\/media?parent=46523"}],"wp:term":[{"taxonomy":"category","embeddable":true,"href":"https:\/\/www.studios-caiman.com\/index.php\/wp-json\/wp\/v2\/categories?post=46523"},{"taxonomy":"post_tag","embeddable":true,"href":"https:\/\/www.studios-caiman.com\/index.php\/wp-json\/wp\/v2\/tags?post=46523"}],"curies":[{"name":"wp","href":"https:\/\/api.w.org\/{rel}","templated":true}]}}